{"id":951,"date":"2018-07-17T15:05:01","date_gmt":"2018-07-17T13:05:01","guid":{"rendered":"http:\/\/www.wander-touren.com\/www\/?p=951"},"modified":"2018-08-01T14:55:55","modified_gmt":"2018-08-01T12:55:55","slug":"traumpfaedchen-komplett","status":"publish","type":"post","link":"https:\/\/www.wander-touren.com\/www\/traumpfaedchen-komplett\/","title":{"rendered":"Traumpf\u00e4dchen komplett"},"content":{"rendered":"<p>Am 12. August ist es soweit: Alle neuen Traumpf\u00e4dchen sind dann fertig markiert und werden mit einem gro\u00dfen Wanderfest in Spay am Rhein zentral er\u00f6ffnet. Die insgesamt zehn Traumpf\u00e4dchen am Rhein, an der Mosel und in der Eifel \u00a0lassen die Herzen aller Genuss-Wanderer h\u00f6her schlagen. Die Premium-Wege zwischen 3 und maximal 7 Kilometer L\u00e4nge verbinden Wanderspa\u00df f\u00fcr die ganze Familie mit sagenhaften Aussichten, tiefen Einblicken und kulturellen H\u00f6hepunkten.\u00a0 Ulrike Poller und Wolfgang Todt verraten in der neuen Premium-Ausgabe mit allen neuen und bestehenden Wegen, was unterwegs wichtig ist, geben wertvolle Tipps f\u00fcr die beste Laufrichtung sowie zu Park-, Rast- und Einkehrm\u00f6glichkeiten, Wohnmobil-Stellpl\u00e4tzen und \u00dcbernachtungsm\u00f6glichkeiten. Erg\u00e4nzt wird jeder Rundwege-Vorschlag durch einen ausf\u00fchrlichen Ausflugstipp zu den H\u00f6hepunkten und Besonderheiten der Region. Die direkte Anbindung an die Gratis-App \u201etraumtouren\u201c holt alle Routen schnell und einfach auf alle g\u00e4ngigen Smartphones. F\u00fcr Besitzer von Wandernavigationsger\u00e4ten gibt es exklusive aktuelle GPS-Daten. Aufger\u00e4umte Detailkarten und \u00fcbersichtliche H\u00f6henprofile machen die Vorbereitung einfach. Die Premiumausgabe mit hochwertigem Flexcover und Fadenbindung sowie mehr als 150 Fotos weckt schon beim Bl\u00e4ttern Lust auf den n\u00e4chsten Sonntagsspaziergang. <a href=\"http:\/\/ideemediashop.de\">(www.ideemediashop.de)<\/a><\/p>\n","protected":false},"excerpt":{"rendered":"<p>Am 12. August ist es soweit: Alle neuen Traumpf\u00e4dchen sind dann fertig markiert und werden mit einem gro\u00dfen Wanderfest in Spay am Rhein zentral er\u00f6ffnet. Die insgesamt zehn Traumpf\u00e4dchen am Rhein, an der Mosel und in der Eifel \u00a0lassen die Herzen aller Genuss-Wanderer h\u00f6her schlagen. Die Premium-Wege zwischen 3 und maximal 7 Kilometer L\u00e4nge verbinden&hellip;<\/p>\n","protected":false},"author":2,"featured_media":950,"comment_status":"closed","ping_status":"closed","sticky":false,"template":"","format":"standard","meta":[],"categories":[23,2],"tags":[45,44,31,42,43,131,126,54],"post_series":[],"acf":[],"_links":{"self":[{"href":"https:\/\/www.wander-touren.com\/www\/wp-json\/wp\/v2\/posts\/951"}],"collection":[{"href":"https:\/\/www.wander-touren.com\/www\/wp-json\/wp\/v2\/posts"}],"about":[{"href":"https:\/\/www.wander-touren.com\/www\/wp-json\/wp\/v2\/types\/post"}],"author":[{"embeddable":true,"href":"https:\/\/www.wander-touren.com\/www\/wp-json\/wp\/v2\/users\/2"}],"replies":[{"embeddable":true,"href":"https:\/\/www.wander-touren.com\/www\/wp-json\/wp\/v2\/comments?post=951"}],"version-history":[{"count":3,"href":"https:\/\/www.wander-touren.com\/www\/wp-json\/wp\/v2\/posts\/951\/revisions"}],"predecessor-version":[{"id":994,"href":"https:\/\/www.wander-touren.com\/www\/wp-json\/wp\/v2\/posts\/951\/revisions\/994"}],"wp:featuredmedia":[{"embeddable":true,"href":"https:\/\/www.wander-touren.com\/www\/wp-json\/wp\/v2\/media\/950"}],"wp:attachment":[{"href":"https:\/\/www.wander-touren.com\/www\/wp-json\/wp\/v2\/media?parent=951"}],"wp:term":[{"taxonomy":"category","embeddable":true,"href":"https:\/\/www.wander-touren.com\/www\/wp-json\/wp\/v2\/categories?post=951"},{"taxonomy":"post_tag","embeddable":true,"href":"https:\/\/www.wander-touren.com\/www\/wp-json\/wp\/v2\/tags?post=951"},{"taxonomy":"post_series","embeddable":true,"href":"https:\/\/www.wander-touren.com\/www\/wp-json\/wp\/v2\/post_series?post=951"}],"curies":[{"name":"wp","href":"https:\/\/api.w.org\/{rel}","templated":true}]}}