{"id":1104,"date":"2021-08-04T10:21:52","date_gmt":"2021-08-04T08:21:52","guid":{"rendered":"http:\/\/www.wander-touren.com\/www\/?p=1104"},"modified":"2022-04-07T17:51:24","modified_gmt":"2022-04-07T15:51:24","slug":"eifelspuren-teilweise-wieder-begehbar","status":"publish","type":"post","link":"https:\/\/www.wander-touren.com\/www\/eifelspuren-teilweise-wieder-begehbar\/","title":{"rendered":"Eifelspuren meist wieder begehbar"},"content":{"rendered":"<p>Nach den schweren Unwettern im Sommer 2021 mussten einige der 18 Eifelspuren vor\u00fcbergehend gesperrt werden. Inzwischen sind zahlreiche Wege wieder begehbar. Nach einer vollst\u00e4ndigen Inspektion durch die Wanderpaten haben die EifelSpuren \u201eZwischen Ville und Eifel\u201c, \u201eToskana der Eifel\u201c und \u201eHeideheimat\u201c die Wettereignisse unbeschadet \u00fcberstanden und k\u00f6nnen begangen werden. F\u00fcr die Eifelspuren \u201eKr\u00e4uterpfad\u201c und \u201eKneippwanderweg\u201c gibt es ausgeschilderte Umleitungen im Bereich des Damwildgeheges in Bad M\u00fcnstereifel. Die Eifelspur \u201eSoweit das Auge reicht\u201c bei Mechernich ist ebenfalls unbeschadet, zur Zeit aber noch bis zur Abkl\u00e4rung von Sch\u00e4den im Bergbaugebiet gesperrt. Tagesaktuelle Infos unter eifelspuren.de, Buch: Eifelspuren<\/p>\n<p>&nbsp;<\/p>\n","protected":false},"excerpt":{"rendered":"<p>Nach den schweren Unwettern im Sommer 2021 mussten einige der 18 Eifelspuren vor\u00fcbergehend gesperrt werden. Inzwischen sind zahlreiche Wege wieder begehbar. Nach einer vollst\u00e4ndigen Inspektion durch die Wanderpaten haben die EifelSpuren \u201eZwischen Ville und Eifel\u201c, \u201eToskana der Eifel\u201c und \u201eHeideheimat\u201c die Wettereignisse unbeschadet \u00fcberstanden und k\u00f6nnen begangen werden. F\u00fcr die Eifelspuren \u201eKr\u00e4uterpfad\u201c und \u201eKneippwanderweg\u201c gibt&hellip;<\/p>\n","protected":false},"author":2,"featured_media":1099,"comment_status":"closed","ping_status":"closed","sticky":false,"template":"","format":"standard","meta":[],"categories":[2],"tags":[],"post_series":[],"acf":[],"_links":{"self":[{"href":"https:\/\/www.wander-touren.com\/www\/wp-json\/wp\/v2\/posts\/1104"}],"collection":[{"href":"https:\/\/www.wander-touren.com\/www\/wp-json\/wp\/v2\/posts"}],"about":[{"href":"https:\/\/www.wander-touren.com\/www\/wp-json\/wp\/v2\/types\/post"}],"author":[{"embeddable":true,"href":"https:\/\/www.wander-touren.com\/www\/wp-json\/wp\/v2\/users\/2"}],"replies":[{"embeddable":true,"href":"https:\/\/www.wander-touren.com\/www\/wp-json\/wp\/v2\/comments?post=1104"}],"version-history":[{"count":2,"href":"https:\/\/www.wander-touren.com\/www\/wp-json\/wp\/v2\/posts\/1104\/revisions"}],"predecessor-version":[{"id":1117,"href":"https:\/\/www.wander-touren.com\/www\/wp-json\/wp\/v2\/posts\/1104\/revisions\/1117"}],"wp:featuredmedia":[{"embeddable":true,"href":"https:\/\/www.wander-touren.com\/www\/wp-json\/wp\/v2\/media\/1099"}],"wp:attachment":[{"href":"https:\/\/www.wander-touren.com\/www\/wp-json\/wp\/v2\/media?parent=1104"}],"wp:term":[{"taxonomy":"category","embeddable":true,"href":"https:\/\/www.wander-touren.com\/www\/wp-json\/wp\/v2\/categories?post=1104"},{"taxonomy":"post_tag","embeddable":true,"href":"https:\/\/www.wander-touren.com\/www\/wp-json\/wp\/v2\/tags?post=1104"},{"taxonomy":"post_series","embeddable":true,"href":"https:\/\/www.wander-touren.com\/www\/wp-json\/wp\/v2\/post_series?post=1104"}],"curies":[{"name":"wp","href":"https:\/\/api.w.org\/{rel}","templated":true}]}}