{"id":1100,"date":"2021-08-04T10:17:17","date_gmt":"2021-08-04T08:17:17","guid":{"rendered":"http:\/\/www.wander-touren.com\/www\/?p=1100"},"modified":"2021-08-04T10:17:17","modified_gmt":"2021-08-04T08:17:17","slug":"zwei-traumpfade-voruebergehend-gesperrt","status":"publish","type":"post","link":"https:\/\/www.wander-touren.com\/www\/zwei-traumpfade-voruebergehend-gesperrt\/","title":{"rendered":"Zwei Traumpfade vor\u00fcbergehend gesperrt"},"content":{"rendered":"<p>Wegen \u00dcberschwemmungs- und Unwettersch\u00e4den sind die Traumpfade F\u00f6rstersteig und Pyrmonter Felsensteig vor\u00fcbergehend noch gesperrt. Die meisten anderen der insgesamt 27 Traumpfade und der k\u00fcrzeren 14 Traumpf\u00e4dchen sind unter Beachtung der Corona-Einschr\u00e4nkungen begehbar. Notwendige Umleitungen sind an den Eingangsportalen ausgeschildert. B\u00fccher: Traumpfade Jubil\u00e4umsausgabe und Traumpf\u00e4dchen.<\/p>\n","protected":false},"excerpt":{"rendered":"<p>Wegen \u00dcberschwemmungs- und Unwettersch\u00e4den sind die Traumpfade F\u00f6rstersteig und Pyrmonter Felsensteig vor\u00fcbergehend noch gesperrt. Die meisten anderen der insgesamt 27 Traumpfade und der k\u00fcrzeren 14 Traumpf\u00e4dchen sind unter Beachtung der Corona-Einschr\u00e4nkungen begehbar. Notwendige Umleitungen sind an den Eingangsportalen ausgeschildert. B\u00fccher: Traumpfade Jubil\u00e4umsausgabe und Traumpf\u00e4dchen.<\/p>\n","protected":false},"author":2,"featured_media":1097,"comment_status":"closed","ping_status":"closed","sticky":false,"template":"","format":"standard","meta":[],"categories":[2],"tags":[126,38,178,179],"post_series":[],"acf":[],"_links":{"self":[{"href":"https:\/\/www.wander-touren.com\/www\/wp-json\/wp\/v2\/posts\/1100"}],"collection":[{"href":"https:\/\/www.wander-touren.com\/www\/wp-json\/wp\/v2\/posts"}],"about":[{"href":"https:\/\/www.wander-touren.com\/www\/wp-json\/wp\/v2\/types\/post"}],"author":[{"embeddable":true,"href":"https:\/\/www.wander-touren.com\/www\/wp-json\/wp\/v2\/users\/2"}],"replies":[{"embeddable":true,"href":"https:\/\/www.wander-touren.com\/www\/wp-json\/wp\/v2\/comments?post=1100"}],"version-history":[{"count":1,"href":"https:\/\/www.wander-touren.com\/www\/wp-json\/wp\/v2\/posts\/1100\/revisions"}],"predecessor-version":[{"id":1101,"href":"https:\/\/www.wander-touren.com\/www\/wp-json\/wp\/v2\/posts\/1100\/revisions\/1101"}],"wp:featuredmedia":[{"embeddable":true,"href":"https:\/\/www.wander-touren.com\/www\/wp-json\/wp\/v2\/media\/1097"}],"wp:attachment":[{"href":"https:\/\/www.wander-touren.com\/www\/wp-json\/wp\/v2\/media?parent=1100"}],"wp:term":[{"taxonomy":"category","embeddable":true,"href":"https:\/\/www.wander-touren.com\/www\/wp-json\/wp\/v2\/categories?post=1100"},{"taxonomy":"post_tag","embeddable":true,"href":"https:\/\/www.wander-touren.com\/www\/wp-json\/wp\/v2\/tags?post=1100"},{"taxonomy":"post_series","embeddable":true,"href":"https:\/\/www.wander-touren.com\/www\/wp-json\/wp\/v2\/post_series?post=1100"}],"curies":[{"name":"wp","href":"https:\/\/api.w.org\/{rel}","templated":true}]}}