{"id":1070,"date":"2020-05-14T14:13:47","date_gmt":"2020-05-14T12:13:47","guid":{"rendered":"http:\/\/www.wander-touren.com\/www\/?p=1070"},"modified":"2020-05-14T14:13:47","modified_gmt":"2020-05-14T12:13:47","slug":"mit-rueckenwind-durch-den-westerwald-2","status":"publish","type":"post","link":"https:\/\/www.wander-touren.com\/www\/mit-rueckenwind-durch-den-westerwald-2\/","title":{"rendered":"Mit R\u00fcckenwind durch den Westerwald"},"content":{"rendered":"<p>Stille Seen, romantische D\u00f6rfer, malerische Bacht\u00e4ler und herrliche Panoramen: 16 neue Rad-Runden f\u00fcr Genie\u00dfer stellt der E-Bike-F\u00fchrer \u201eWesterwald\u201c aus der Buchreihe \u201etraumtouren\u201c vor. R\u00fcckenwind aus dem Akku macht v\u00f6llig neue Entdeckungen zwischen W\u00e4ldern, Wasser und Wiesen m\u00f6glich \u2013 und selbst ein Auf- und Ab zwischen Auen und Aussichtspunkten wird f\u00fcr Freizeitradler zum ungetr\u00fcbten Vergn\u00fcgen. Rad-Experte Hartmut Sch\u00f6nh\u00f6fer hat dazu besondere Rundtouren f\u00fcr E-Biker und sportliche Tourenradler erkundet, die bisher weitgehend unbekannt sind. Das Angebot reicht von der kurzen Feierabendrunde durch die Backesd\u00f6rfer mit 16 Kilometern bis zum sechsst\u00fcndigen Tagesausflug zu f\u00fcnf Seen mit 80 Kilometern. Alle Routen verbinden Natur-, Kultur- und Genusserlebnisse und jede f\u00fcr sich verspricht einen naturnahen Tag auf dem Sattel. F\u00fcr die l\u00e4ngeren Strecken gibt es Vorschl\u00e4ge zu Abk\u00fcrzungen, zus\u00e4tzliche Tipps f\u00fchren zu lohnenswerten Abstechern. Ausf\u00fchrlich und \u00fcbersichtlich beschrieben werden Anfahrts-, Park- , Rast- und Einkehrm\u00f6glichkeiten. Wer \u00fcber ein Smartphone oder ein Fahrrad-Navi verf\u00fcgt, kann sich unkompliziert vom Himmel f\u00fchren lassen: Alle Routen lassen sich f\u00fcr unterwegs als *gpx-Track f\u00fcr Smartphones und Fahrrad-Navis laden, per QR-Code funktioniert die Anbindung an die Gratis-App \u201etraumtouren\u201c besonders einfach und schnell. Buchtipp: traumtouren E-Bike und Bike Westerwald, 16 Rundtouren, 192 Seiten, 14,95 Euro, <a href=\"http:\/\/www.ideemediashop.de\">www.ideemediashop.de<\/a><\/p>\n","protected":false},"excerpt":{"rendered":"<p>Stille Seen, romantische D\u00f6rfer, malerische Bacht\u00e4ler und herrliche Panoramen: 16 neue Rad-Runden f\u00fcr Genie\u00dfer stellt der E-Bike-F\u00fchrer \u201eWesterwald\u201c aus der Buchreihe \u201etraumtouren\u201c vor. R\u00fcckenwind aus dem Akku macht v\u00f6llig neue Entdeckungen zwischen W\u00e4ldern, Wasser und Wiesen m\u00f6glich \u2013 und selbst ein Auf- und Ab zwischen Auen und Aussichtspunkten wird f\u00fcr Freizeitradler zum ungetr\u00fcbten Vergn\u00fcgen. Rad-Experte&hellip;<\/p>\n","protected":false},"author":2,"featured_media":1069,"comment_status":"closed","ping_status":"closed","sticky":false,"template":"","format":"standard","meta":[],"categories":[2],"tags":[175,104,172,170,174,173,32,53],"post_series":[],"acf":[],"_links":{"self":[{"href":"https:\/\/www.wander-touren.com\/www\/wp-json\/wp\/v2\/posts\/1070"}],"collection":[{"href":"https:\/\/www.wander-touren.com\/www\/wp-json\/wp\/v2\/posts"}],"about":[{"href":"https:\/\/www.wander-touren.com\/www\/wp-json\/wp\/v2\/types\/post"}],"author":[{"embeddable":true,"href":"https:\/\/www.wander-touren.com\/www\/wp-json\/wp\/v2\/users\/2"}],"replies":[{"embeddable":true,"href":"https:\/\/www.wander-touren.com\/www\/wp-json\/wp\/v2\/comments?post=1070"}],"version-history":[{"count":1,"href":"https:\/\/www.wander-touren.com\/www\/wp-json\/wp\/v2\/posts\/1070\/revisions"}],"predecessor-version":[{"id":1071,"href":"https:\/\/www.wander-touren.com\/www\/wp-json\/wp\/v2\/posts\/1070\/revisions\/1071"}],"wp:featuredmedia":[{"embeddable":true,"href":"https:\/\/www.wander-touren.com\/www\/wp-json\/wp\/v2\/media\/1069"}],"wp:attachment":[{"href":"https:\/\/www.wander-touren.com\/www\/wp-json\/wp\/v2\/media?parent=1070"}],"wp:term":[{"taxonomy":"category","embeddable":true,"href":"https:\/\/www.wander-touren.com\/www\/wp-json\/wp\/v2\/categories?post=1070"},{"taxonomy":"post_tag","embeddable":true,"href":"https:\/\/www.wander-touren.com\/www\/wp-json\/wp\/v2\/tags?post=1070"},{"taxonomy":"post_series","embeddable":true,"href":"https:\/\/www.wander-touren.com\/www\/wp-json\/wp\/v2\/post_series?post=1070"}],"curies":[{"name":"wp","href":"https:\/\/api.w.org\/{rel}","templated":true}]}}